{"id":2971,"date":"2026-01-20T12:04:23","date_gmt":"2026-01-20T12:04:23","guid":{"rendered":"https:\/\/theroyalcamper.com\/?p=2971"},"modified":"2026-01-20T12:45:49","modified_gmt":"2026-01-20T12:45:49","slug":"luxury-camper-van-rental-in-greece-why-travelers-choose-the-royal-camper","status":"publish","type":"post","link":"https:\/\/theroyalcamper.com\/fr\/luxury-camper-van-rental-in-greece-why-travelers-choose-the-royal-camper\/","title":{"rendered":"Location de van am\u00e9nag\u00e9 de luxe en Gr\u00e8ce : pourquoi les voyageurs choisissent The Royal Camper"},"content":{"rendered":"<h2 class=\"wp-block-heading\">Location de van am\u00e9nag\u00e9 de luxe en Gr\u00e8ce : pourquoi les voyageurs choisissent The Royal Camper<\/h2>\n\n\n\n<p>La location de vans am\u00e9nag\u00e9s de luxe en Gr\u00e8ce est le moyen ultime d'explorer le pays dans le confort, l'intimit\u00e9 et une libert\u00e9 totale. Du P\u00e9loponn\u00e8se \u00e0 l'\u00c9pire et \u00e0 la Chalcidique, The Royal Camper propose des vans premium con\u00e7us pour les voyageurs qui recherchent une exp\u00e9rience cinq \u00e9toiles sur la route. En combinant le luxe d'un h\u00f4tel avec une mobilit\u00e9 compl\u00e8te, nous red\u00e9finissons ce que signifie vivre un \u00e9t\u00e9 grec en 2026.<\/p>\n\n\n\n<figure class=\"wp-block-image size-full is-resized\"><img fetchpriority=\"high\" decoding=\"async\" width=\"1536\" height=\"1025\" src=\"https:\/\/theroyalcamper.com\/wp-content\/uploads\/2025\/05\/Mobilvetta-Admiral-K-6.5-new-photo7.jpg\" alt=\"luxury camper van interior in Greece with premium bed and storage\" class=\"wp-image-2881\" style=\"aspect-ratio:1.4986009523342005;width:1197px;height:auto\" srcset=\"https:\/\/theroyalcamper.com\/wp-content\/uploads\/2025\/05\/Mobilvetta-Admiral-K-6.5-new-photo7.jpg 1536w, https:\/\/theroyalcamper.com\/wp-content\/uploads\/2025\/05\/Mobilvetta-Admiral-K-6.5-new-photo7-300x200.jpg 300w, https:\/\/theroyalcamper.com\/wp-content\/uploads\/2025\/05\/Mobilvetta-Admiral-K-6.5-new-photo7-1024x683.jpg 1024w, https:\/\/theroyalcamper.com\/wp-content\/uploads\/2025\/05\/Mobilvetta-Admiral-K-6.5-new-photo7-768x513.jpg 768w, https:\/\/theroyalcamper.com\/wp-content\/uploads\/2025\/05\/Mobilvetta-Admiral-K-6.5-new-photo7-18x12.jpg 18w, https:\/\/theroyalcamper.com\/wp-content\/uploads\/2025\/05\/Mobilvetta-Admiral-K-6.5-new-photo7-460x306.jpg 460w\" sizes=\"(max-width: 1536px) 100vw, 1536px\" \/><\/figure>\n\n\n\n<h2 class=\"wp-block-heading\">Camper Vans de Luxe Con\u00e7us pour le Confort et l\u2019Autonomie<\/h2>\n\n\n\n<p>Chez The Royal Camper, le luxe n'est pas seulement un mot \u00e0 la mode ; c'est le fondement de notre flotte.<a href=\"https:\/\/theroyalcamper.com\/fr\/campers-fleet\/\">Nos v\u00e9hicules sont m\u00e9ticuleusement con\u00e7us. <\/a>pour offrir une exp\u00e9rience de \u00ab suite mobile \u00bb \u00e0 ceux qui exigent le meilleur. Chaque van est \u00e9quip\u00e9 d'am\u00e9nagements haut de gamme, allant de cuisines enti\u00e8rement fonctionnelles \u00e0 du linge de maison de qualit\u00e9 sup\u00e9rieure et des matelas d'excellente qualit\u00e9 qui garantissent une nuit de sommeil r\u00e9paratrice.<\/p>\n\n\n\n<p>Au-del\u00e0 du confort, notre flotte offre une autonomie totale hors r\u00e9seau (off-grid). Gr\u00e2ce \u00e0 des syst\u00e8mes \u00e9lectriques avanc\u00e9s et au solaire \u00e0 haute efficacit\u00e9, vous pouvez profiter d'un contr\u00f4le climatique complet et utiliser tous vos appareils m\u00eame dans les endroits les plus recul\u00e9s, sans avoir besoin de branchements \u00e9lectriques externes. Associ\u00e9 \u00e0 des syst\u00e8mes de navigation de pointe et \u00e0 des aides \u00e0 la conduite modernes, votre voyage \u00e0 travers les paysages grecs devient aussi s\u00fbr que fluide.<\/p>\n\n\n\n<figure class=\"wp-block-image size-large is-resized\"><img decoding=\"async\" width=\"1024\" height=\"683\" src=\"https:\/\/theroyalcamper.com\/wp-content\/uploads\/2025\/05\/Mobilvetta-Admiral-K-6.5-new-photo2-1024x683.jpg\" alt=\"\" class=\"wp-image-2875\" style=\"aspect-ratio:1.4992968193114609;width:1195px;height:auto\" srcset=\"https:\/\/theroyalcamper.com\/wp-content\/uploads\/2025\/05\/Mobilvetta-Admiral-K-6.5-new-photo2-1024x683.jpg 1024w, https:\/\/theroyalcamper.com\/wp-content\/uploads\/2025\/05\/Mobilvetta-Admiral-K-6.5-new-photo2-300x200.jpg 300w, https:\/\/theroyalcamper.com\/wp-content\/uploads\/2025\/05\/Mobilvetta-Admiral-K-6.5-new-photo2-768x513.jpg 768w, https:\/\/theroyalcamper.com\/wp-content\/uploads\/2025\/05\/Mobilvetta-Admiral-K-6.5-new-photo2-18x12.jpg 18w, https:\/\/theroyalcamper.com\/wp-content\/uploads\/2025\/05\/Mobilvetta-Admiral-K-6.5-new-photo2-460x306.jpg 460w, https:\/\/theroyalcamper.com\/wp-content\/uploads\/2025\/05\/Mobilvetta-Admiral-K-6.5-new-photo2.jpg 1536w\" sizes=\"(max-width: 1024px) 100vw, 1024px\" \/><\/figure>\n\n\n\n<h2 class=\"wp-block-heading\">Explorez la Gr\u00e8ce avec un Van Am\u00e9nag\u00e9 de Luxe<\/h2>\n\n\n\n<p>Pourquoi se contenter d'une chambre avec vue quand on peut changer de vue chaque matin ? Avec un van am\u00e9nag\u00e9 de luxe, vous devenez l'architecte de votre propre itin\u00e9raire. Vous avez l'opportunit\u00e9 unique de vous r\u00e9veiller au bord du rivage, en stationnant dans des endroits l\u00e9gaux et \u00e9poustouflants, \u00e0 quelques pas seulement des eaux turquoise de l'Ionienne ou de l'\u00c9g\u00e9e.<\/p>\n\n\n\n<p>Ce mode de voyage \u03c3\u03b1\u03c2 permet d'\u00e9chapper \u00e0 la foule et <a href=\"https:\/\/theroyalcamper.com\/fr\/2026\/01\/14\/camper-van-travel-greece-guide\/\">discover the &#8220;hidden&#8221; Greece<\/a>, loin des centres touristiques surcharg\u00e9s, tout en conservant tout votre confort priv\u00e9. L'avantage ultime est la flexibilit\u00e9 : si vous tombez amoureux d'un village cach\u00e9 ou d'une plage isol\u00e9e, vous pouvez simplement rester un jour de plus. Il n'y a pas d'heures d'arriv\u00e9e ou de d\u00e9part pour dicter votre rythme ; seulement la route et vos envies.<\/p>\n\n\n\n<figure class=\"wp-block-image size-large is-resized\"><img decoding=\"async\" width=\"1024\" height=\"734\" src=\"https:\/\/theroyalcamper.com\/wp-content\/uploads\/2026\/01\/\u03b5\u03b9\u03ba\u03cc\u03bd\u03b1_Viber_2026-01-20_13-55-24-919-1024x734.jpg\" alt=\"\" class=\"wp-image-2972\" style=\"width:1195px;height:auto\" srcset=\"https:\/\/theroyalcamper.com\/wp-content\/uploads\/2026\/01\/\u03b5\u03b9\u03ba\u03cc\u03bd\u03b1_Viber_2026-01-20_13-55-24-919-1024x734.jpg 1024w, https:\/\/theroyalcamper.com\/wp-content\/uploads\/2026\/01\/\u03b5\u03b9\u03ba\u03cc\u03bd\u03b1_Viber_2026-01-20_13-55-24-919-300x215.jpg 300w, https:\/\/theroyalcamper.com\/wp-content\/uploads\/2026\/01\/\u03b5\u03b9\u03ba\u03cc\u03bd\u03b1_Viber_2026-01-20_13-55-24-919-768x551.jpg 768w, https:\/\/theroyalcamper.com\/wp-content\/uploads\/2026\/01\/\u03b5\u03b9\u03ba\u03cc\u03bd\u03b1_Viber_2026-01-20_13-55-24-919-1536x1101.jpg 1536w, https:\/\/theroyalcamper.com\/wp-content\/uploads\/2026\/01\/\u03b5\u03b9\u03ba\u03cc\u03bd\u03b1_Viber_2026-01-20_13-55-24-919-18x12.jpg 18w, https:\/\/theroyalcamper.com\/wp-content\/uploads\/2026\/01\/\u03b5\u03b9\u03ba\u03cc\u03bd\u03b1_Viber_2026-01-20_13-55-24-919-427x306.jpg 427w, https:\/\/theroyalcamper.com\/wp-content\/uploads\/2026\/01\/\u03b5\u03b9\u03ba\u03cc\u03bd\u03b1_Viber_2026-01-20_13-55-24-919.jpg 1600w\" sizes=\"(max-width: 1024px) 100vw, 1024px\" \/><\/figure>\n\n\n\n<h2 class=\"wp-block-heading\">Services de Location de Van Am\u00e9nag\u00e9 Premium en Gr\u00e8ce<\/h2>\n\n\n\n<p>Choisir The Royal Camper, c'est bien plus que louer un simple v\u00e9hicule ; il s'agit de la <a href=\"https:\/\/theroyalcamper.com\/fr\/\">l'assistance premium qui accompagne votre voyage.<\/a> Nous offrons une exp\u00e9rience sur mesure, con\u00e7ue pour \u00eatre enti\u00e8rement sans stress. Notre service de conciergerie 24h\/24 et 7j\/7 signifie que nous sommes \u00e0 vos c\u00f4t\u00e9s \u00e0 chaque \u00e9tape pour des informations, des conseils locaux ou une assistance technique.<\/p>\n\n\n\n<p>Pour garantir une tranquillit\u00e9 d'esprit totale, nous proposons des forfaits d'assurance premium complets et des services d'accueil personnalis\u00e9s, incluant les transferts a\u00e9roport pour que votre aventure commence d\u00e8s votre atterrissage. Pour ceux en qu\u00eate d'inspiration, notre \u00e9quipe propose une planification d'itin\u00e9raires soign\u00e9e, offrant des parcours sur mesure comme la \u00ab Boucle du P\u00e9loponn\u00e8se Antique \u00bb en fonction de vos centres d'int\u00e9r\u00eat sp\u00e9cifiques.<\/p>\n\n\n\n<figure class=\"wp-block-image size-large is-resized\"><img loading=\"lazy\" decoding=\"async\" width=\"1024\" height=\"625\" src=\"https:\/\/theroyalcamper.com\/wp-content\/uploads\/2026\/01\/\u03b5\u03b9\u03ba\u03cc\u03bd\u03b1_Viber_2026-01-20_13-56-37-353-1024x625.jpg\" alt=\"\" class=\"wp-image-2973\" style=\"aspect-ratio:1.638426214819437;width:1200px;height:auto\" srcset=\"https:\/\/theroyalcamper.com\/wp-content\/uploads\/2026\/01\/\u03b5\u03b9\u03ba\u03cc\u03bd\u03b1_Viber_2026-01-20_13-56-37-353-1024x625.jpg 1024w, https:\/\/theroyalcamper.com\/wp-content\/uploads\/2026\/01\/\u03b5\u03b9\u03ba\u03cc\u03bd\u03b1_Viber_2026-01-20_13-56-37-353-300x183.jpg 300w, https:\/\/theroyalcamper.com\/wp-content\/uploads\/2026\/01\/\u03b5\u03b9\u03ba\u03cc\u03bd\u03b1_Viber_2026-01-20_13-56-37-353-768x468.jpg 768w, https:\/\/theroyalcamper.com\/wp-content\/uploads\/2026\/01\/\u03b5\u03b9\u03ba\u03cc\u03bd\u03b1_Viber_2026-01-20_13-56-37-353-1536x937.jpg 1536w, https:\/\/theroyalcamper.com\/wp-content\/uploads\/2026\/01\/\u03b5\u03b9\u03ba\u03cc\u03bd\u03b1_Viber_2026-01-20_13-56-37-353-18x12.jpg 18w, https:\/\/theroyalcamper.com\/wp-content\/uploads\/2026\/01\/\u03b5\u03b9\u03ba\u03cc\u03bd\u03b1_Viber_2026-01-20_13-56-37-353-460x281.jpg 460w, https:\/\/theroyalcamper.com\/wp-content\/uploads\/2026\/01\/\u03b5\u03b9\u03ba\u03cc\u03bd\u03b1_Viber_2026-01-20_13-56-37-353.jpg 1600w\" sizes=\"(max-width: 1024px) 100vw, 1024px\" \/><\/figure>\n\n\n\n<h2 class=\"wp-block-heading\">Voyage en Van Am\u00e9nag\u00e9 de Luxe et Durable en Gr\u00e8ce<\/h2>\n\n\n\n<p>En 2026, le voyage conscient est plus important que jamais. Le voyage en van am\u00e9nag\u00e9 encourage le \u00ab Slow Travel \u00bb \u2014 une connexion plus profonde avec la nature locale et les petites communaut\u00e9s. Chez The Royal Camper, nous d\u00e9fendons le principe <em>\u00abLeave No Trace\u00bb<\/em> (Ne laissez aucune trace). Nous donnons \u00e0 nos clients les moyens d'explorer de mani\u00e8re responsable, en veillant \u00e0 ce que la beaut\u00e9 immacul\u00e9e des paysages grecs reste intacte pour les g\u00e9n\u00e9rations futures.<\/p>\n\n\n\n<h2 class=\"wp-block-heading\">Pourquoi choisir The Royal Camper \u03b3\u03b9\u03b1 \u03c4\u03b7 location de van am\u00e9nag\u00e9 de luxe en Gr\u00e8ce ?<\/h2>\n\n\n\n<p><a href=\"https:\/\/theroyalcamper.com\/fr\/about\/\">The Royal Camper is based in Athens<\/a> and specializes exclusively in luxury camper van rentals in Greece. Our fleet is carefully curated for travelers who value comfort, discretion, and flexibility. Whether you are planning a coastal road trip, a multi-region journey, or a private family escape, we provide premium vehicles, transparent pricing, and personalized support from booking to drop-off.<\/p>\n\n\n\n<h3 class=\"wp-block-heading\">Pr\u00eat \u00e0 concevoir le voyage de vos r\u00eaves ?<\/h3>\n\n\n\n<p>The Royal Camper n'est pas seulement une soci\u00e9t\u00e9 de location ; nous sommes votre partenaire pour cr\u00e9er des souvenirs qui dureront toute une vie. Que vous planifiiez une escapade romantique ou une exp\u00e9dition familiale haut de gamme, notre flotte est pr\u00eate \u00e0 accueillir votre histoire.<\/p>\n\n\n\n<p>D\u00e9couvrez notre flotte de vans am\u00e9nag\u00e9s de luxe et commencez d\u00e8s aujourd'hui \u00e0 planifier votre road trip en Gr\u00e8ce.<\/p>\n\n\n\n<p>\ud83d\udc49 <a href=\"https:\/\/theroyalcamper.com\/fr\/\">Explorez nos vans am\u00e9nag\u00e9s et leur disponibilit\u00e9 sur theroyalcamper.com<\/a><\/p>","protected":false},"excerpt":{"rendered":"<p>La location de camper van de luxe en Gr\u00e8ce est la meilleure fa\u00e7on d\u2019explorer le pays dans le confort, l\u2019intimit\u00e9 et une libert\u00e9 totale. Du P\u00e9loponn\u00e8se \u00e0 l\u2019\u00c9pire et \u00e0 la Chalcidique, The Royal Camper propose des vans premium con\u00e7us pour les voyageurs \u00e0 la recherche d\u2019une exp\u00e9rience cinq \u00e9toiles sur la route. En combinant le luxe d\u2019un h\u00f4tel haut de gamme avec une mobilit\u00e9 compl\u00e8te, nous red\u00e9finissons ce que signifie vivre un \u00e9t\u00e9 grec en 2026.<\/p>","protected":false},"author":6,"featured_media":1480,"comment_status":"closed","ping_status":"open","sticky":false,"template":"","format":"standard","meta":{"_acf_changed":false,"_monsterinsights_skip_tracking":false,"_monsterinsights_sitenote_active":false,"_monsterinsights_sitenote_note":"","_monsterinsights_sitenote_category":0,"footnotes":""},"categories":[21],"tags":[],"class_list":["post-2971","post","type-post","status-publish","format-standard","has-post-thumbnail","hentry","category-blog","category-21","description-off"],"acf":[],"yoast_head":"<!-- This site is optimized with the Yoast SEO plugin v27.5 - https:\/\/yoast.com\/product\/yoast-seo-wordpress\/ -->\n<title>Luxury Camper Van Rental in Greece | The Royal Camper<\/title>\n<meta name=\"description\" content=\"Luxury camper van rental in Greece with premium vehicles, full autonomy and concierge support. Explore Greece in comfort and freedom with The Royal Camper.\" \/>\n<meta name=\"robots\" content=\"index, follow, max-snippet:-1, max-image-preview:large, max-video-preview:-1\" \/>\n<link rel=\"canonical\" href=\"https:\/\/theroyalcamper.com\/fr\/luxury-camper-van-rental-in-greece-why-travelers-choose-the-royal-camper\/\" \/>\n<meta property=\"og:locale\" content=\"fr_FR\" \/>\n<meta property=\"og:type\" content=\"article\" \/>\n<meta property=\"og:title\" content=\"Luxury Camper Van Rental in Greece | The Royal Camper\" \/>\n<meta property=\"og:description\" content=\"Luxury camper van rental in Greece with premium vehicles, full autonomy and concierge support. Explore Greece in comfort and freedom with The Royal Camper.\" \/>\n<meta property=\"og:url\" content=\"https:\/\/theroyalcamper.com\/fr\/luxury-camper-van-rental-in-greece-why-travelers-choose-the-royal-camper\/\" \/>\n<meta property=\"og:site_name\" content=\"The Royal Camper\" \/>\n<meta property=\"article:published_time\" content=\"2026-01-20T12:04:23+00:00\" \/>\n<meta property=\"article:modified_time\" content=\"2026-01-20T12:45:49+00:00\" \/>\n<meta property=\"og:image\" content=\"https:\/\/theroyalcamper.com\/wp-content\/uploads\/2025\/01\/FA-A8269C5AB0D3_1_201_a-large.jpg\" \/>\n\t<meta property=\"og:image:width\" content=\"1200\" \/>\n\t<meta property=\"og:image:height\" content=\"911\" \/>\n\t<meta property=\"og:image:type\" content=\"image\/jpeg\" \/>\n<meta name=\"author\" content=\"ncpncpmedia@gmail.com\" \/>\n<meta name=\"twitter:card\" content=\"summary_large_image\" \/>\n<meta name=\"twitter:label1\" content=\"\u00c9crit par\" \/>\n\t<meta name=\"twitter:data1\" content=\"ncpncpmedia@gmail.com\" \/>\n\t<meta name=\"twitter:label2\" content=\"Dur\u00e9e de lecture estim\u00e9e\" \/>\n\t<meta name=\"twitter:data2\" content=\"4 minutes\" \/>\n<script type=\"application\/ld+json\" class=\"yoast-schema-graph\">{\"@context\":\"https:\\\/\\\/schema.org\",\"@graph\":[{\"@type\":\"Article\",\"@id\":\"https:\\\/\\\/theroyalcamper.com\\\/luxury-camper-van-rental-in-greece-why-travelers-choose-the-royal-camper\\\/#article\",\"isPartOf\":{\"@id\":\"https:\\\/\\\/theroyalcamper.com\\\/luxury-camper-van-rental-in-greece-why-travelers-choose-the-royal-camper\\\/\"},\"author\":{\"name\":\"ncpncpmedia@gmail.com\",\"@id\":\"https:\\\/\\\/theroyalcamper.com\\\/#\\\/schema\\\/person\\\/0ed6b9e7900678b3914a49e69d2883b6\"},\"headline\":\"Luxury Camper Van Rental in Greece: Why Travelers Choose The Royal Camper\",\"datePublished\":\"2026-01-20T12:04:23+00:00\",\"dateModified\":\"2026-01-20T12:45:49+00:00\",\"mainEntityOfPage\":{\"@id\":\"https:\\\/\\\/theroyalcamper.com\\\/luxury-camper-van-rental-in-greece-why-travelers-choose-the-royal-camper\\\/\"},\"wordCount\":654,\"publisher\":{\"@id\":\"https:\\\/\\\/theroyalcamper.com\\\/#organization\"},\"image\":{\"@id\":\"https:\\\/\\\/theroyalcamper.com\\\/luxury-camper-van-rental-in-greece-why-travelers-choose-the-royal-camper\\\/#primaryimage\"},\"thumbnailUrl\":\"https:\\\/\\\/theroyalcamper.com\\\/wp-content\\\/uploads\\\/2025\\\/01\\\/FA-A8269C5AB0D3_1_201_a-large.jpg\",\"articleSection\":[\"Blog\"],\"inLanguage\":\"fr-FR\"},{\"@type\":\"WebPage\",\"@id\":\"https:\\\/\\\/theroyalcamper.com\\\/luxury-camper-van-rental-in-greece-why-travelers-choose-the-royal-camper\\\/\",\"url\":\"https:\\\/\\\/theroyalcamper.com\\\/luxury-camper-van-rental-in-greece-why-travelers-choose-the-royal-camper\\\/\",\"name\":\"Luxury Camper Van Rental in Greece | The Royal Camper\",\"isPartOf\":{\"@id\":\"https:\\\/\\\/theroyalcamper.com\\\/#website\"},\"primaryImageOfPage\":{\"@id\":\"https:\\\/\\\/theroyalcamper.com\\\/luxury-camper-van-rental-in-greece-why-travelers-choose-the-royal-camper\\\/#primaryimage\"},\"image\":{\"@id\":\"https:\\\/\\\/theroyalcamper.com\\\/luxury-camper-van-rental-in-greece-why-travelers-choose-the-royal-camper\\\/#primaryimage\"},\"thumbnailUrl\":\"https:\\\/\\\/theroyalcamper.com\\\/wp-content\\\/uploads\\\/2025\\\/01\\\/FA-A8269C5AB0D3_1_201_a-large.jpg\",\"datePublished\":\"2026-01-20T12:04:23+00:00\",\"dateModified\":\"2026-01-20T12:45:49+00:00\",\"description\":\"Luxury camper van rental in Greece with premium vehicles, full autonomy and concierge support. Explore Greece in comfort and freedom with The Royal Camper.\",\"breadcrumb\":{\"@id\":\"https:\\\/\\\/theroyalcamper.com\\\/luxury-camper-van-rental-in-greece-why-travelers-choose-the-royal-camper\\\/#breadcrumb\"},\"inLanguage\":\"fr-FR\",\"potentialAction\":[{\"@type\":\"ReadAction\",\"target\":[\"https:\\\/\\\/theroyalcamper.com\\\/luxury-camper-van-rental-in-greece-why-travelers-choose-the-royal-camper\\\/\"]}]},{\"@type\":\"ImageObject\",\"inLanguage\":\"fr-FR\",\"@id\":\"https:\\\/\\\/theroyalcamper.com\\\/luxury-camper-van-rental-in-greece-why-travelers-choose-the-royal-camper\\\/#primaryimage\",\"url\":\"https:\\\/\\\/theroyalcamper.com\\\/wp-content\\\/uploads\\\/2025\\\/01\\\/FA-A8269C5AB0D3_1_201_a-large.jpg\",\"contentUrl\":\"https:\\\/\\\/theroyalcamper.com\\\/wp-content\\\/uploads\\\/2025\\\/01\\\/FA-A8269C5AB0D3_1_201_a-large.jpg\",\"width\":1200,\"height\":911,\"caption\":\"luxury camper van rental in Greece\"},{\"@type\":\"BreadcrumbList\",\"@id\":\"https:\\\/\\\/theroyalcamper.com\\\/luxury-camper-van-rental-in-greece-why-travelers-choose-the-royal-camper\\\/#breadcrumb\",\"itemListElement\":[{\"@type\":\"ListItem\",\"position\":1,\"name\":\"Home\",\"item\":\"https:\\\/\\\/theroyalcamper.com\\\/\"},{\"@type\":\"ListItem\",\"position\":2,\"name\":\"Luxury Camper Van Rental in Greece: Why Travelers Choose The Royal Camper\"}]},{\"@type\":\"WebSite\",\"@id\":\"https:\\\/\\\/theroyalcamper.com\\\/#website\",\"url\":\"https:\\\/\\\/theroyalcamper.com\\\/\",\"name\":\"The Royal Camper\",\"description\":\"The Royal Camper\",\"publisher\":{\"@id\":\"https:\\\/\\\/theroyalcamper.com\\\/#organization\"},\"potentialAction\":[{\"@type\":\"SearchAction\",\"target\":{\"@type\":\"EntryPoint\",\"urlTemplate\":\"https:\\\/\\\/theroyalcamper.com\\\/?s={search_term_string}\"},\"query-input\":{\"@type\":\"PropertyValueSpecification\",\"valueRequired\":true,\"valueName\":\"search_term_string\"}}],\"inLanguage\":\"fr-FR\"},{\"@type\":\"Organization\",\"@id\":\"https:\\\/\\\/theroyalcamper.com\\\/#organization\",\"name\":\"The Royal Camper\",\"url\":\"https:\\\/\\\/theroyalcamper.com\\\/\",\"logo\":{\"@type\":\"ImageObject\",\"inLanguage\":\"fr-FR\",\"@id\":\"https:\\\/\\\/theroyalcamper.com\\\/#\\\/schema\\\/logo\\\/image\\\/\",\"url\":\"https:\\\/\\\/theroyalcamper.com\\\/wp-content\\\/uploads\\\/2024\\\/12\\\/The-Royal-Camper-Logo-3.svg\",\"contentUrl\":\"https:\\\/\\\/theroyalcamper.com\\\/wp-content\\\/uploads\\\/2024\\\/12\\\/The-Royal-Camper-Logo-3.svg\",\"width\":607,\"height\":336,\"caption\":\"The Royal Camper\"},\"image\":{\"@id\":\"https:\\\/\\\/theroyalcamper.com\\\/#\\\/schema\\\/logo\\\/image\\\/\"}},{\"@type\":\"Person\",\"@id\":\"https:\\\/\\\/theroyalcamper.com\\\/#\\\/schema\\\/person\\\/0ed6b9e7900678b3914a49e69d2883b6\",\"name\":\"ncpncpmedia@gmail.com\",\"image\":{\"@type\":\"ImageObject\",\"inLanguage\":\"fr-FR\",\"@id\":\"https:\\\/\\\/secure.gravatar.com\\\/avatar\\\/4f258029888c8bf633b567112da568266baf62cac6240a8651a9189776674bbd?s=96&d=mm&r=g\",\"url\":\"https:\\\/\\\/secure.gravatar.com\\\/avatar\\\/4f258029888c8bf633b567112da568266baf62cac6240a8651a9189776674bbd?s=96&d=mm&r=g\",\"contentUrl\":\"https:\\\/\\\/secure.gravatar.com\\\/avatar\\\/4f258029888c8bf633b567112da568266baf62cac6240a8651a9189776674bbd?s=96&d=mm&r=g\",\"caption\":\"ncpncpmedia@gmail.com\"},\"url\":\"https:\\\/\\\/theroyalcamper.com\\\/fr\\\/author\\\/ncpncpmediagmail-com\\\/\"}]}<\/script>\n<!-- \/ Yoast SEO plugin. -->","yoast_head_json":{"title":"Luxury Camper Van Rental in Greece | The Royal Camper","description":"Luxury camper van rental in Greece with premium vehicles, full autonomy and concierge support. Explore Greece in comfort and freedom with The Royal Camper.","robots":{"index":"index","follow":"follow","max-snippet":"max-snippet:-1","max-image-preview":"max-image-preview:large","max-video-preview":"max-video-preview:-1"},"canonical":"https:\/\/theroyalcamper.com\/fr\/luxury-camper-van-rental-in-greece-why-travelers-choose-the-royal-camper\/","og_locale":"fr_FR","og_type":"article","og_title":"Luxury Camper Van Rental in Greece | The Royal Camper","og_description":"Luxury camper van rental in Greece with premium vehicles, full autonomy and concierge support. Explore Greece in comfort and freedom with The Royal Camper.","og_url":"https:\/\/theroyalcamper.com\/fr\/luxury-camper-van-rental-in-greece-why-travelers-choose-the-royal-camper\/","og_site_name":"The Royal Camper","article_published_time":"2026-01-20T12:04:23+00:00","article_modified_time":"2026-01-20T12:45:49+00:00","og_image":[{"width":1200,"height":911,"url":"https:\/\/theroyalcamper.com\/wp-content\/uploads\/2025\/01\/FA-A8269C5AB0D3_1_201_a-large.jpg","type":"image\/jpeg"}],"author":"ncpncpmedia@gmail.com","twitter_card":"summary_large_image","twitter_misc":{"\u00c9crit par":"ncpncpmedia@gmail.com","Dur\u00e9e de lecture estim\u00e9e":"4 minutes"},"schema":{"@context":"https:\/\/schema.org","@graph":[{"@type":"Article","@id":"https:\/\/theroyalcamper.com\/luxury-camper-van-rental-in-greece-why-travelers-choose-the-royal-camper\/#article","isPartOf":{"@id":"https:\/\/theroyalcamper.com\/luxury-camper-van-rental-in-greece-why-travelers-choose-the-royal-camper\/"},"author":{"name":"ncpncpmedia@gmail.com","@id":"https:\/\/theroyalcamper.com\/#\/schema\/person\/0ed6b9e7900678b3914a49e69d2883b6"},"headline":"Luxury Camper Van Rental in Greece: Why Travelers Choose The Royal Camper","datePublished":"2026-01-20T12:04:23+00:00","dateModified":"2026-01-20T12:45:49+00:00","mainEntityOfPage":{"@id":"https:\/\/theroyalcamper.com\/luxury-camper-van-rental-in-greece-why-travelers-choose-the-royal-camper\/"},"wordCount":654,"publisher":{"@id":"https:\/\/theroyalcamper.com\/#organization"},"image":{"@id":"https:\/\/theroyalcamper.com\/luxury-camper-van-rental-in-greece-why-travelers-choose-the-royal-camper\/#primaryimage"},"thumbnailUrl":"https:\/\/theroyalcamper.com\/wp-content\/uploads\/2025\/01\/FA-A8269C5AB0D3_1_201_a-large.jpg","articleSection":["Blog"],"inLanguage":"fr-FR"},{"@type":"WebPage","@id":"https:\/\/theroyalcamper.com\/luxury-camper-van-rental-in-greece-why-travelers-choose-the-royal-camper\/","url":"https:\/\/theroyalcamper.com\/luxury-camper-van-rental-in-greece-why-travelers-choose-the-royal-camper\/","name":"Luxury Camper Van Rental in Greece | The Royal Camper","isPartOf":{"@id":"https:\/\/theroyalcamper.com\/#website"},"primaryImageOfPage":{"@id":"https:\/\/theroyalcamper.com\/luxury-camper-van-rental-in-greece-why-travelers-choose-the-royal-camper\/#primaryimage"},"image":{"@id":"https:\/\/theroyalcamper.com\/luxury-camper-van-rental-in-greece-why-travelers-choose-the-royal-camper\/#primaryimage"},"thumbnailUrl":"https:\/\/theroyalcamper.com\/wp-content\/uploads\/2025\/01\/FA-A8269C5AB0D3_1_201_a-large.jpg","datePublished":"2026-01-20T12:04:23+00:00","dateModified":"2026-01-20T12:45:49+00:00","description":"Luxury camper van rental in Greece with premium vehicles, full autonomy and concierge support. Explore Greece in comfort and freedom with The Royal Camper.","breadcrumb":{"@id":"https:\/\/theroyalcamper.com\/luxury-camper-van-rental-in-greece-why-travelers-choose-the-royal-camper\/#breadcrumb"},"inLanguage":"fr-FR","potentialAction":[{"@type":"ReadAction","target":["https:\/\/theroyalcamper.com\/luxury-camper-van-rental-in-greece-why-travelers-choose-the-royal-camper\/"]}]},{"@type":"ImageObject","inLanguage":"fr-FR","@id":"https:\/\/theroyalcamper.com\/luxury-camper-van-rental-in-greece-why-travelers-choose-the-royal-camper\/#primaryimage","url":"https:\/\/theroyalcamper.com\/wp-content\/uploads\/2025\/01\/FA-A8269C5AB0D3_1_201_a-large.jpg","contentUrl":"https:\/\/theroyalcamper.com\/wp-content\/uploads\/2025\/01\/FA-A8269C5AB0D3_1_201_a-large.jpg","width":1200,"height":911,"caption":"luxury camper van rental in Greece"},{"@type":"BreadcrumbList","@id":"https:\/\/theroyalcamper.com\/luxury-camper-van-rental-in-greece-why-travelers-choose-the-royal-camper\/#breadcrumb","itemListElement":[{"@type":"ListItem","position":1,"name":"Home","item":"https:\/\/theroyalcamper.com\/"},{"@type":"ListItem","position":2,"name":"Luxury Camper Van Rental in Greece: Why Travelers Choose The Royal Camper"}]},{"@type":"WebSite","@id":"https:\/\/theroyalcamper.com\/#website","url":"https:\/\/theroyalcamper.com\/","name":"The Royal Camper","description":"The Royal Camper","publisher":{"@id":"https:\/\/theroyalcamper.com\/#organization"},"potentialAction":[{"@type":"SearchAction","target":{"@type":"EntryPoint","urlTemplate":"https:\/\/theroyalcamper.com\/?s={search_term_string}"},"query-input":{"@type":"PropertyValueSpecification","valueRequired":true,"valueName":"search_term_string"}}],"inLanguage":"fr-FR"},{"@type":"Organization","@id":"https:\/\/theroyalcamper.com\/#organization","name":"The Royal Camper","url":"https:\/\/theroyalcamper.com\/","logo":{"@type":"ImageObject","inLanguage":"fr-FR","@id":"https:\/\/theroyalcamper.com\/#\/schema\/logo\/image\/","url":"https:\/\/theroyalcamper.com\/wp-content\/uploads\/2024\/12\/The-Royal-Camper-Logo-3.svg","contentUrl":"https:\/\/theroyalcamper.com\/wp-content\/uploads\/2024\/12\/The-Royal-Camper-Logo-3.svg","width":607,"height":336,"caption":"The Royal Camper"},"image":{"@id":"https:\/\/theroyalcamper.com\/#\/schema\/logo\/image\/"}},{"@type":"Person","@id":"https:\/\/theroyalcamper.com\/#\/schema\/person\/0ed6b9e7900678b3914a49e69d2883b6","name":"ncpncpmedia@gmail.com","image":{"@type":"ImageObject","inLanguage":"fr-FR","@id":"https:\/\/secure.gravatar.com\/avatar\/4f258029888c8bf633b567112da568266baf62cac6240a8651a9189776674bbd?s=96&d=mm&r=g","url":"https:\/\/secure.gravatar.com\/avatar\/4f258029888c8bf633b567112da568266baf62cac6240a8651a9189776674bbd?s=96&d=mm&r=g","contentUrl":"https:\/\/secure.gravatar.com\/avatar\/4f258029888c8bf633b567112da568266baf62cac6240a8651a9189776674bbd?s=96&d=mm&r=g","caption":"ncpncpmedia@gmail.com"},"url":"https:\/\/theroyalcamper.com\/fr\/author\/ncpncpmediagmail-com\/"}]}},"_links":{"self":[{"href":"https:\/\/theroyalcamper.com\/fr\/wp-json\/wp\/v2\/posts\/2971","targetHints":{"allow":["GET"]}}],"collection":[{"href":"https:\/\/theroyalcamper.com\/fr\/wp-json\/wp\/v2\/posts"}],"about":[{"href":"https:\/\/theroyalcamper.com\/fr\/wp-json\/wp\/v2\/types\/post"}],"author":[{"embeddable":true,"href":"https:\/\/theroyalcamper.com\/fr\/wp-json\/wp\/v2\/users\/6"}],"replies":[{"embeddable":true,"href":"https:\/\/theroyalcamper.com\/fr\/wp-json\/wp\/v2\/comments?post=2971"}],"version-history":[{"count":2,"href":"https:\/\/theroyalcamper.com\/fr\/wp-json\/wp\/v2\/posts\/2971\/revisions"}],"predecessor-version":[{"id":2976,"href":"https:\/\/theroyalcamper.com\/fr\/wp-json\/wp\/v2\/posts\/2971\/revisions\/2976"}],"wp:featuredmedia":[{"embeddable":true,"href":"https:\/\/theroyalcamper.com\/fr\/wp-json\/wp\/v2\/media\/1480"}],"wp:attachment":[{"href":"https:\/\/theroyalcamper.com\/fr\/wp-json\/wp\/v2\/media?parent=2971"}],"wp:term":[{"taxonomy":"category","embeddable":true,"href":"https:\/\/theroyalcamper.com\/fr\/wp-json\/wp\/v2\/categories?post=2971"},{"taxonomy":"post_tag","embeddable":true,"href":"https:\/\/theroyalcamper.com\/fr\/wp-json\/wp\/v2\/tags?post=2971"}],"curies":[{"name":"wp","href":"https:\/\/api.w.org\/{rel}","templated":true}]}}