{"id":3081,"date":"2026-04-01T09:15:16","date_gmt":"2026-04-01T09:15:16","guid":{"rendered":"https:\/\/theroyalcamper.com\/?p=3081"},"modified":"2026-04-14T17:30:27","modified_gmt":"2026-04-14T17:30:27","slug":"enoikiasi-autokinoumenou-ellada","status":"publish","type":"post","link":"https:\/\/theroyalcamper.com\/fr\/enoikiasi-autokinoumenou-ellada\/","title":{"rendered":"Location de Camping-car en Gr\u00e8ce : Le Guide Ultime pour votre Road Trip 2026"},"content":{"rendered":"<hr class=\"wp-block-separator has-alpha-channel-opacity\"\/>\n\n\n\n<h1 class=\"wp-block-heading\">Location de Camping-car en Gr\u00e8ce : Le Guide Ultime pour votre Road Trip 2026<\/h1>\n\n\n\n<hr class=\"wp-block-separator has-alpha-channel-opacity\"\/>\n\n\n\n<hr class=\"wp-block-separator has-alpha-channel-opacity\"\/>\n\n\n\n<figure class=\"wp-block-image size-large\"><img fetchpriority=\"high\" decoding=\"async\" width=\"1024\" height=\"683\" src=\"https:\/\/theroyalcamper.com\/wp-content\/uploads\/2025\/01\/volkswagen-california-t6-2015_3-1024x683.jpg\" alt=\"camper van routes in Greece scenic landscape\" class=\"wp-image-1448\" srcset=\"https:\/\/theroyalcamper.com\/wp-content\/uploads\/2025\/01\/volkswagen-california-t6-2015_3-1024x683.jpg 1024w, https:\/\/theroyalcamper.com\/wp-content\/uploads\/2025\/01\/volkswagen-california-t6-2015_3-300x200.jpg 300w, https:\/\/theroyalcamper.com\/wp-content\/uploads\/2025\/01\/volkswagen-california-t6-2015_3-768x512.jpg 768w, https:\/\/theroyalcamper.com\/wp-content\/uploads\/2025\/01\/volkswagen-california-t6-2015_3-1536x1024.jpg 1536w, https:\/\/theroyalcamper.com\/wp-content\/uploads\/2025\/01\/volkswagen-california-t6-2015_3-18x12.jpg 18w, https:\/\/theroyalcamper.com\/wp-content\/uploads\/2025\/01\/volkswagen-california-t6-2015_3-460x306.jpg 460w, https:\/\/theroyalcamper.com\/wp-content\/uploads\/2025\/01\/volkswagen-california-t6-2015_3.jpg 1600w\" sizes=\"(max-width: 1024px) 100vw, 1024px\" \/><\/figure>\n\n\n\n<p class=\"translation-block\">La location de camping-car en Gr\u00e8ce a connu une croissance explosive ces derni\u00e8res ann\u00e9es, offrant un sentiment de libert\u00e9 unique qu'aucun h\u00f4tel ne peut \u00e9galer. Le r\u00eave de la Van Life en Gr\u00e8ce est d\u00e9sormais accessible \u00e0 tout voyageur en qu\u00eate d'aventure sans sacrifier le confort.<\/p>\n\n\n\n<p class=\"translation-block\">Que vous pr\u00e9voyiez des vacances en campervan en Gr\u00e8ce \u03ae que vous recherchiez des informations d\u00e9taill\u00e9es sur les tarifs de location et les proc\u00e9dures, ce guide couvre tout ce que vous devez savoir pour commencer votre road trip ultime.<\/p>\n\n\n\n<hr class=\"wp-block-separator has-alpha-channel-opacity\"\/>\n\n\n\n<h2 class=\"wp-block-heading\">Pourquoi la location de camping-car en Gr\u00e8ce est-elle le meilleur choix ?<\/h2>\n\n\n\n<figure class=\"wp-block-image size-large\"><img decoding=\"async\" width=\"1024\" height=\"683\" src=\"https:\/\/theroyalcamper.com\/wp-content\/uploads\/2025\/05\/Mobilvetta-Admiral-K-6.5-new-photo3-1024x683.jpg\" alt=\"\" class=\"wp-image-2876\" srcset=\"https:\/\/theroyalcamper.com\/wp-content\/uploads\/2025\/05\/Mobilvetta-Admiral-K-6.5-new-photo3-1024x683.jpg 1024w, https:\/\/theroyalcamper.com\/wp-content\/uploads\/2025\/05\/Mobilvetta-Admiral-K-6.5-new-photo3-300x200.jpg 300w, https:\/\/theroyalcamper.com\/wp-content\/uploads\/2025\/05\/Mobilvetta-Admiral-K-6.5-new-photo3-768x513.jpg 768w, https:\/\/theroyalcamper.com\/wp-content\/uploads\/2025\/05\/Mobilvetta-Admiral-K-6.5-new-photo3-18x12.jpg 18w, https:\/\/theroyalcamper.com\/wp-content\/uploads\/2025\/05\/Mobilvetta-Admiral-K-6.5-new-photo3-460x306.jpg 460w, https:\/\/theroyalcamper.com\/wp-content\/uploads\/2025\/05\/Mobilvetta-Admiral-K-6.5-new-photo3.jpg 1536w\" sizes=\"(max-width: 1024px) 100vw, 1024px\" \/><\/figure>\n\n\n\n<h3 class=\"wp-block-heading\">Pourquoi la location de camping-car en Gr\u00e8ce est-elle le choix ultime ?<\/h3>\n\n\n\n<p class=\"translation-block\">La Gr\u00e8ce offre le terrain id\u00e9al pour une location de camping-car. Des c\u00f4tes infinies du P\u00e9loponn\u00e8se aux cols montagneux impressionnants de la cha\u00eene du Pinde, un camping-car vous permet de vous r\u00e9veiller dans un \u00ab jardin \u00bb diff\u00e9rent chaque matin.<\/p>\n\n\n\n<ul class=\"wp-block-list\">\n<li class=\"translation-block\">Autonomie Totale : Cuisinez, dormez et voyagez \u00e0 votre propre rythme \u03c7\u03c9\u03c1\u03af\u03c2 \u00eatre li\u00e9 aux horaires des h\u00f4tels ou \u00e0 des itin\u00e9raires rigides.<\/li>\n\n\n\n<li class=\"translation-block\">Acc\u00e8s \u00e0 des Tr\u00e9sors Cach\u00e9s : Acc\u00e9dez \u00e0 des plages isol\u00e9es et \u00e0 des villages de montagne authentiques o\u00f9 les bus touristiques traditionnels ne peuvent tout simplement pas se rendre.<\/li>\n\n\n\n<li class=\"translation-block\">Une Exp\u00e9rience Premium : Les vans am\u00e9nag\u00e9s de luxe modernes du march\u00e9 actuel offrent tout le confort d'une maison sur roues, comprenant une cuisine enti\u00e8rement \u00e9quip\u00e9e, une salle de bain priv\u00e9e et des syst\u00e8mes de chauffage\/climatisation ind\u00e9pendants.<\/li>\n<\/ul>\n\n\n\n<hr class=\"wp-block-separator has-alpha-channel-opacity\"\/>\n\n\n\n<h2 class=\"wp-block-heading\">Combien co\u00fbte la location d'un camping-car en Gr\u00e8ce ? (Tarifs 2026)<\/h2>\n\n\n\n<figure class=\"wp-block-image size-large\"><img decoding=\"async\" width=\"1024\" height=\"656\" src=\"https:\/\/theroyalcamper.com\/wp-content\/uploads\/2025\/01\/campeo_mj_2021-10-1-1-1024x656.webp\" alt=\"\" class=\"wp-image-1486\" srcset=\"https:\/\/theroyalcamper.com\/wp-content\/uploads\/2025\/01\/campeo_mj_2021-10-1-1-1024x656.webp 1024w, https:\/\/theroyalcamper.com\/wp-content\/uploads\/2025\/01\/campeo_mj_2021-10-1-1-300x192.webp 300w, https:\/\/theroyalcamper.com\/wp-content\/uploads\/2025\/01\/campeo_mj_2021-10-1-1-768x492.webp 768w, https:\/\/theroyalcamper.com\/wp-content\/uploads\/2025\/01\/campeo_mj_2021-10-1-1-1536x984.webp 1536w, https:\/\/theroyalcamper.com\/wp-content\/uploads\/2025\/01\/campeo_mj_2021-10-1-1-18x12.webp 18w, https:\/\/theroyalcamper.com\/wp-content\/uploads\/2025\/01\/campeo_mj_2021-10-1-1-460x295.webp 460w, https:\/\/theroyalcamper.com\/wp-content\/uploads\/2025\/01\/campeo_mj_2021-10-1-1.webp 1920w\" sizes=\"(max-width: 1024px) 100vw, 1024px\" \/><\/figure>\n\n\n\n<p><strong>Camper rental prices in Greece<\/strong> are primarily influenced by seasonality and the level of premium equipment provided. During the <strong>Low Season (November \u2013 March)<\/strong>, costs for a high-end motorhome typically start from <strong>\u20ac200 to \u20ac400 per day<\/strong>. In the <strong>Mid-Season (Spring and Autumn)<\/strong>, which offers the ideal balance of weather and exploration, prices generally range between <strong>\u20ac200 and \u20ac400 per day<\/strong>.<\/p>\n\n\n\n<p>For the <strong>Peak Summer Season (July \u2013 August)<\/strong>, when demand for a <strong>luxury motorhome hire in Greece<\/strong> is at its highest, rates start from <strong>\u20ac200 and cannot exceed \u20ac400 per day<\/strong> for our most exclusive and fully-equipped models. Securing an <strong>Early Bird booking<\/strong> is the most effective way to ensure both a lower overall cost and guaranteed availability for your preferred dates.<\/p>\n\n\n\n<hr class=\"wp-block-separator has-alpha-channel-opacity\"\/>\n\n\n\n<h2 class=\"wp-block-heading\">Quelles sont les conditions pour louer un camping-car en Gr\u00e8ce ?<\/h2>\n\n\n\n<p class=\"translation-block\">Le processus pour une location de camping-car \u00e0 Ath\u00e8nes ou dans tout autre grand centre grec est simple et efficace. Pour garantir une prise en charge fluide, vous devrez remplir les conditions de base suivantes :<\/p>\n\n\n\n<ol start=\"1\" class=\"wp-block-list\">\n<li class=\"translation-block\">Permis de conduire : Un permis de conduire standard de Cat\u00e9gorie B (voiture particuli\u00e8re) est tout ce dont vous avez besoin. Pour les citoyens hors UE, un Permis de Conduire International (PCI) est souvent requis en plus de votre permis national d'origine.<\/li>\n\n\n\n<li class=\"translation-block\">Carte de cr\u00e9dit : Une carte de cr\u00e9dit valide au nom du conducteur principal est n\u00e9cessaire pour le d\u00e9p\u00f4t de garantie (caution) bloqu\u00e9 pendant la p\u00e9riode de location.<\/li>\n\n\n\n<li class=\"translation-block\">Limite d'\u00e2ge : Les conducteurs doivent g\u00e9n\u00e9ralement avoir plus de 23 ou 25 ans, selon le mod\u00e8le de v\u00e9hicule sp\u00e9cifique et la police d'assurance fournie.<\/li>\n<\/ol>\n\n\n\n<h2 class=\"wp-block-heading\">Conseils d'experts pour un Road Trip r\u00e9ussi en Camper Van en Gr\u00e8ce<\/h2>\n\n\n\n<figure class=\"wp-block-image size-large\"><img loading=\"lazy\" decoding=\"async\" width=\"1024\" height=\"509\" src=\"https:\/\/theroyalcamper.com\/wp-content\/uploads\/2025\/01\/Olympia-Greece-1400x696-1-1024x509.jpg\" alt=\"\" class=\"wp-image-2106\" srcset=\"https:\/\/theroyalcamper.com\/wp-content\/uploads\/2025\/01\/Olympia-Greece-1400x696-1-1024x509.jpg 1024w, https:\/\/theroyalcamper.com\/wp-content\/uploads\/2025\/01\/Olympia-Greece-1400x696-1-300x149.jpg 300w, https:\/\/theroyalcamper.com\/wp-content\/uploads\/2025\/01\/Olympia-Greece-1400x696-1-768x382.jpg 768w, https:\/\/theroyalcamper.com\/wp-content\/uploads\/2025\/01\/Olympia-Greece-1400x696-1-18x9.jpg 18w, https:\/\/theroyalcamper.com\/wp-content\/uploads\/2025\/01\/Olympia-Greece-1400x696-1-460x229.jpg 460w, https:\/\/theroyalcamper.com\/wp-content\/uploads\/2025\/01\/Olympia-Greece-1400x696-1.jpg 1400w\" sizes=\"(max-width: 1024px) 100vw, 1024px\" \/><\/figure>\n\n\n\n<p class=\"translation-block\">S'il s'agit de votre premi\u00e8re exploration d'une location de camper van en Gr\u00e8ce, gardez \u00e0 l'esprit ces notes d'experts pour une exp\u00e9rience fluide :<\/p>\n\n\n\n<ul class=\"wp-block-list\">\n<li class=\"translation-block\">S\u00e9lection de la Flotte : Jetez un coup d'\u0153il d\u00e9taill\u00e9 \u00e0 nos camping-cars et tarifs disponibles pour trouver le v\u00e9hicule qui correspond le mieux \u00e0 la taille de votre groupe et au niveau de confort que vous d\u00e9sirez.<\/li>\n\n\n\n<li class=\"translation-block\">Planification de l'Itin\u00e9raire : La Gr\u00e8ce offre des paysages \u00e0 couper le souffle. Assurez-vous de rechercher les meilleurs endroits pour un road trip en camping-car \u2014 tels que la p\u00e9ninsule sauvage du Magne, la r\u00e9gion montagneuse de l'\u00c9pire et les plages exotiques de la Chalcidique \u2014 avant de partir.<\/li>\n\n\n\n<li class=\"translation-block\">G\u00e9rer l'Autonomie : Apprenez \u00e0 g\u00e9rer les r\u00e9serves d'eau et d'\u00e9nergie du v\u00e9hicule (en utilisant nos syst\u00e8mes de panneaux solaires avanc\u00e9s) afin de profiter de plus de jours de libert\u00e9 off-grid au c\u0153ur de la nature.<\/li>\n<\/ul>\n\n\n\n<h2 class=\"wp-block-heading\">Pourquoi choisir The Royal Camper ?<\/h2>\n\n\n\n<p class=\"translation-block\">Lorsqu'il s'agit d'une location de camping-car premium en Gr\u00e8ce, la qualit\u00e9, la s\u00e9curit\u00e9 et l'assistance personnalis\u00e9e sont nos priorit\u00e9s absolues chez The Royal Camper.<\/p>\n\n\n\n<ul class=\"wp-block-list\">\n<li class=\"translation-block\">Flotte Moderne 2026 : Nos camping-cars sont des mod\u00e8les de derni\u00e8re g\u00e9n\u00e9ration, m\u00e9ticuleusement entretenus, enti\u00e8rement d\u00e9sinfect\u00e9s et pr\u00eats pour tous les terrains grecs.<\/li>\n\n\n\n<li class=\"translation-block\">Assistance Personnalis\u00e9e : Nous ne nous contentons pas de vous remettre les cl\u00e9s. Nous vous aidons \u00e0 concevoir votre itin\u00e9raire de voyage sur mesure et vous proposons une initiation compl\u00e8te au fonctionnement de votre camping-car de luxe.<\/li>\n\n\n\n<li class=\"translation-block\">Tarification Transparente : Nous appliquons une politique stricte sans frais cach\u00e9s. Vous conna\u00eetrez le co\u00fbt exact de votre voyage d\u00e8s le d\u00e9part, sans aucune surprise.<\/li>\n\n\n\n<li><strong>24\/7 Assistance:<\/strong> Travel with peace of mind knowing that our expert team is available to support you throughout your entire road trip.<\/li>\n<\/ul>\n\n\n\n<hr class=\"wp-block-separator has-alpha-channel-opacity\"\/>\n\n\n\n<h3 class=\"wp-block-heading\">Frequently asked questions (FAQ)<\/h3>\n\n\n\n<p><strong>How much does it cost to rent a camper in Greece?<\/strong> Rental costs typically start from <strong>\u20ac200 per day<\/strong> during the low season and can reach <strong>\u20ac400 in August<\/strong>, depending on the size of the vehicle and the amenities provided.<\/p>\n\n\n\n<p class=\"translation-block\">Est-il facile de conduire un camping-car ? Oui. Les camping-cars modernes se conduisent de mani\u00e8re tr\u00e8s similaire \u00e0 un grand SUV. Ils sont \u00e9quip\u00e9s de cam\u00e9ras de recul et de syst\u00e8mes avanc\u00e9s d'aide \u00e0 la conduite (ADAS) \u03b3\u03b9\u03b1 rendre le stationnement et les man\u0153uvres simples, m\u00eame pour les d\u00e9butants.<\/p>\n\n\n\n<p class=\"translation-block\">Le camping sauvage est-il autoris\u00e9 en Gr\u00e8ce ? Le stationnement et les nuit\u00e9es (dormir dans le v\u00e9hicule) sont autoris\u00e9s dans les zones de stationnement l\u00e9gales. Cependant, le \u00ab d\u00e9ballage \u00bb (le fait de s'installer) \u2014 ce qui inclut le d\u00e9ploiement de stores ou l'installation de tables et de chaises \u00e0 l'ext\u00e9rieur du v\u00e9hicule \u2014 est strictement interdit en dehors des campings organis\u00e9s.<\/p>\n\n\n\n<p class=\"translation-block\">Ai-je besoin d'un permis sp\u00e9cial pour un camping-car ? Non. Pour tous les v\u00e9hicules de The Royal Camper, un permis de conduire standard pour voiture de tourisme (Cat\u00e9gorie B) est parfaitement suffisant.<\/p>\n\n\n\n<hr class=\"wp-block-separator has-alpha-channel-opacity\"\/>\n\n\n\n<h3 class=\"wp-block-heading\">R\u00e9servez votre Aventure Royale d\u00e8s Maintenant !<\/h3>\n\n\n\n<figure class=\"wp-block-image size-large is-resized\"><img loading=\"lazy\" decoding=\"async\" width=\"1024\" height=\"683\" src=\"https:\/\/theroyalcamper.com\/wp-content\/uploads\/2025\/05\/Mobilvetta-Admiral-K-6.5-new-photo2-1024x683.jpg\" alt=\"\" class=\"wp-image-2875\" style=\"aspect-ratio:1.4993069032436928;width:1032px;height:auto\" srcset=\"https:\/\/theroyalcamper.com\/wp-content\/uploads\/2025\/05\/Mobilvetta-Admiral-K-6.5-new-photo2-1024x683.jpg 1024w, https:\/\/theroyalcamper.com\/wp-content\/uploads\/2025\/05\/Mobilvetta-Admiral-K-6.5-new-photo2-300x200.jpg 300w, https:\/\/theroyalcamper.com\/wp-content\/uploads\/2025\/05\/Mobilvetta-Admiral-K-6.5-new-photo2-768x513.jpg 768w, https:\/\/theroyalcamper.com\/wp-content\/uploads\/2025\/05\/Mobilvetta-Admiral-K-6.5-new-photo2-18x12.jpg 18w, https:\/\/theroyalcamper.com\/wp-content\/uploads\/2025\/05\/Mobilvetta-Admiral-K-6.5-new-photo2-460x306.jpg 460w, https:\/\/theroyalcamper.com\/wp-content\/uploads\/2025\/05\/Mobilvetta-Admiral-K-6.5-new-photo2.jpg 1536w\" sizes=\"(max-width: 1024px) 100vw, 1024px\" \/><\/figure>\n\n\n\n<p>Ne laissez pas votre aventure grecque de 2026 au hasard. La demande pour une location de camping-car de luxe est \u00e9lev\u00e9e, alors garantissez votre disponibilit\u00e9 d\u00e8s aujourd'hui. <strong>premium camper rentals in Greece<\/strong> is high, and our fleet fills up fast.<\/p>\n\n\n\n<p><strong><a href=\"https:\/\/theroyalcamper.com\/fr\/rent-a-camper\/\">Book your The Royal Camper here<\/a><\/strong> and experience the ultimate freedom on the Greek roads!<\/p>\n\n\n\n<p><\/p>","protected":false},"excerpt":{"rendered":"<p>La location de camping-car en Gr\u00e8ce a connu une croissance explosive ces derni\u00e8res ann\u00e9es, offrant un sentiment de libert\u00e9 unique qu'aucun h\u00f4tel ne \u03bc\u03c0\u03bf\u03c1\u03b5\u03af \u03bd\u03b1 \u00e9galer. Le r\u00eave de la Van Life en Gr\u00e8ce est d\u00e9sormais accessible \u00e0 tout voyageur en qu\u00eate d'aventure sans sacrifier le confort. Que vous planifiez des vacances en campervan en Gr\u00e8ce ou que vous recherchiez des informations d\u00e9taill\u00e9es sur les tarifs et les proc\u00e9dures de location, ce guide couvre tout ce que vous devez savoir pour lancer votre exp\u00e9dition.<\/p>","protected":false},"author":6,"featured_media":1715,"comment_status":"closed","ping_status":"open","sticky":false,"template":"","format":"standard","meta":{"_acf_changed":false,"_monsterinsights_skip_tracking":false,"_monsterinsights_sitenote_active":false,"_monsterinsights_sitenote_note":"","_monsterinsights_sitenote_category":0,"footnotes":""},"categories":[21],"tags":[34,37,35,36,33],"class_list":["post-3081","post","type-post","status-publish","format-standard","has-post-thumbnail","hentry","category-blog","tag-camper-van-","tag-roadtrip-","tag-van-life-","tag---camper","tag-33","category-21","description-off"],"acf":[],"yoast_head":"<!-- This site is optimized with the Yoast SEO plugin v27.5 - https:\/\/yoast.com\/product\/yoast-seo-wordpress\/ -->\n<title>\u0395\u03bd\u03bf\u03b9\u03ba\u03af\u03b1\u03c3\u03b7 \u0391\u03c5\u03c4\u03bf\u03ba\u03b9\u03bd\u03bf\u03cd\u03bc\u03b5\u03bd\u03bf\u03c5 \u03c3\u03c4\u03b7\u03bd \u0395\u03bb\u03bb\u03ac\u03b4\u03b1 | \u03a4\u03b9\u03bc\u03ad\u03c2 &amp; Camper 2026<\/title>\n<meta name=\"description\" content=\"\u0394\u03b5\u03c2 \u03c4\u03b9\u03bc\u03ad\u03c2, \u03b4\u03b9\u03b1\u03b8\u03ad\u03c3\u03b9\u03bc\u03b1 camper \u03ba\u03b1\u03b9 \u03c0\u03bb\u03ae\u03c1\u03b7 \u03bf\u03b4\u03b7\u03b3\u03cc \u03b3\u03b9\u03b1 \u03b5\u03bd\u03bf\u03b9\u03ba\u03af\u03b1\u03c3\u03b7 \u03b1\u03c5\u03c4\u03bf\u03ba\u03b9\u03bd\u03bf\u03cd\u03bc\u03b5\u03bd\u03bf\u03c5 \u03c3\u03c4\u03b7\u03bd \u0395\u03bb\u03bb\u03ac\u03b4\u03b1. \u039f\u03c1\u03b3\u03ac\u03bd\u03c9\u03c3\u03b5 \u03c4\u03bf roadtrip \u03c3\u03bf\u03c5 \u03b5\u03cd\u03ba\u03bf\u03bb\u03b1 \u03c4\u03bf 2026.\" \/>\n<meta name=\"robots\" content=\"index, follow, max-snippet:-1, max-image-preview:large, max-video-preview:-1\" \/>\n<link rel=\"canonical\" href=\"https:\/\/theroyalcamper.com\/fr\/enoikiasi-autokinoumenou-ellada\/\" \/>\n<meta property=\"og:locale\" content=\"fr_FR\" \/>\n<meta property=\"og:type\" content=\"article\" \/>\n<meta property=\"og:title\" content=\"\u0395\u03bd\u03bf\u03b9\u03ba\u03af\u03b1\u03c3\u03b7 \u0391\u03c5\u03c4\u03bf\u03ba\u03b9\u03bd\u03bf\u03cd\u03bc\u03b5\u03bd\u03bf\u03c5 \u03c3\u03c4\u03b7\u03bd \u0395\u03bb\u03bb\u03ac\u03b4\u03b1 | \u03a4\u03b9\u03bc\u03ad\u03c2 &amp; Camper 2026\" \/>\n<meta property=\"og:description\" content=\"\u0394\u03b5\u03c2 \u03c4\u03b9\u03bc\u03ad\u03c2, \u03b4\u03b9\u03b1\u03b8\u03ad\u03c3\u03b9\u03bc\u03b1 camper \u03ba\u03b1\u03b9 \u03c0\u03bb\u03ae\u03c1\u03b7 \u03bf\u03b4\u03b7\u03b3\u03cc \u03b3\u03b9\u03b1 \u03b5\u03bd\u03bf\u03b9\u03ba\u03af\u03b1\u03c3\u03b7 \u03b1\u03c5\u03c4\u03bf\u03ba\u03b9\u03bd\u03bf\u03cd\u03bc\u03b5\u03bd\u03bf\u03c5 \u03c3\u03c4\u03b7\u03bd \u0395\u03bb\u03bb\u03ac\u03b4\u03b1. \u039f\u03c1\u03b3\u03ac\u03bd\u03c9\u03c3\u03b5 \u03c4\u03bf roadtrip \u03c3\u03bf\u03c5 \u03b5\u03cd\u03ba\u03bf\u03bb\u03b1 \u03c4\u03bf 2026.\" \/>\n<meta property=\"og:url\" content=\"https:\/\/theroyalcamper.com\/fr\/enoikiasi-autokinoumenou-ellada\/\" \/>\n<meta property=\"og:site_name\" content=\"The Royal Camper\" \/>\n<meta property=\"article:published_time\" content=\"2026-04-01T09:15:16+00:00\" \/>\n<meta property=\"article:modified_time\" content=\"2026-04-14T17:30:27+00:00\" \/>\n<meta property=\"og:image\" content=\"https:\/\/theroyalcamper.com\/wp-content\/uploads\/2025\/01\/edc9e664-56df-4190-a4d5-2662745a3401.jpg\" \/>\n\t<meta property=\"og:image:width\" content=\"1600\" \/>\n\t<meta property=\"og:image:height\" content=\"900\" \/>\n\t<meta property=\"og:image:type\" content=\"image\/jpeg\" \/>\n<meta name=\"author\" content=\"ncpncpmedia@gmail.com\" \/>\n<meta name=\"twitter:card\" content=\"summary_large_image\" \/>\n<meta name=\"twitter:label1\" content=\"\u00c9crit par\" \/>\n\t<meta name=\"twitter:data1\" content=\"ncpncpmedia@gmail.com\" \/>\n\t<meta name=\"twitter:label2\" content=\"Dur\u00e9e de lecture estim\u00e9e\" \/>\n\t<meta name=\"twitter:data2\" content=\"6 minutes\" \/>\n<script type=\"application\/ld+json\" class=\"yoast-schema-graph\">{\"@context\":\"https:\\\/\\\/schema.org\",\"@graph\":[{\"@type\":\"Article\",\"@id\":\"https:\\\/\\\/theroyalcamper.com\\\/enoikiasi-autokinoumenou-ellada\\\/#article\",\"isPartOf\":{\"@id\":\"https:\\\/\\\/theroyalcamper.com\\\/enoikiasi-autokinoumenou-ellada\\\/\"},\"author\":{\"name\":\"ncpncpmedia@gmail.com\",\"@id\":\"https:\\\/\\\/theroyalcamper.com\\\/#\\\/schema\\\/person\\\/0ed6b9e7900678b3914a49e69d2883b6\"},\"headline\":\"Camper Rental Greece: The Ultimate Guide To Your 2026 Road Trip\",\"datePublished\":\"2026-04-01T09:15:16+00:00\",\"dateModified\":\"2026-04-14T17:30:27+00:00\",\"mainEntityOfPage\":{\"@id\":\"https:\\\/\\\/theroyalcamper.com\\\/enoikiasi-autokinoumenou-ellada\\\/\"},\"wordCount\":911,\"publisher\":{\"@id\":\"https:\\\/\\\/theroyalcamper.com\\\/#organization\"},\"image\":{\"@id\":\"https:\\\/\\\/theroyalcamper.com\\\/enoikiasi-autokinoumenou-ellada\\\/#primaryimage\"},\"thumbnailUrl\":\"https:\\\/\\\/theroyalcamper.com\\\/wp-content\\\/uploads\\\/2025\\\/01\\\/edc9e664-56df-4190-a4d5-2662745a3401.jpg\",\"keywords\":[\"camper van \u0395\u03bb\u03bb\u03ac\u03b4\u03b1\",\"roadtrip \u0395\u03bb\u03bb\u03ac\u03b4\u03b1\",\"van life \u0395\u03bb\u03bb\u03ac\u03b4\u03b1\",\"\u03b4\u03b9\u03b1\u03ba\u03bf\u03c0\u03ad\u03c2 \u03bc\u03b5 camper\",\"\u03b5\u03bd\u03bf\u03b9\u03ba\u03af\u03b1\u03c3\u03b7 \u03b1\u03c5\u03c4\u03bf\u03ba\u03b9\u03bd\u03bf\u03cd\u03bc\u03b5\u03bd\u03bf\u03c5\"],\"articleSection\":[\"Blog\"],\"inLanguage\":\"fr-FR\"},{\"@type\":\"WebPage\",\"@id\":\"https:\\\/\\\/theroyalcamper.com\\\/enoikiasi-autokinoumenou-ellada\\\/\",\"url\":\"https:\\\/\\\/theroyalcamper.com\\\/enoikiasi-autokinoumenou-ellada\\\/\",\"name\":\"\u0395\u03bd\u03bf\u03b9\u03ba\u03af\u03b1\u03c3\u03b7 \u0391\u03c5\u03c4\u03bf\u03ba\u03b9\u03bd\u03bf\u03cd\u03bc\u03b5\u03bd\u03bf\u03c5 \u03c3\u03c4\u03b7\u03bd \u0395\u03bb\u03bb\u03ac\u03b4\u03b1 | \u03a4\u03b9\u03bc\u03ad\u03c2 & Camper 2026\",\"isPartOf\":{\"@id\":\"https:\\\/\\\/theroyalcamper.com\\\/#website\"},\"primaryImageOfPage\":{\"@id\":\"https:\\\/\\\/theroyalcamper.com\\\/enoikiasi-autokinoumenou-ellada\\\/#primaryimage\"},\"image\":{\"@id\":\"https:\\\/\\\/theroyalcamper.com\\\/enoikiasi-autokinoumenou-ellada\\\/#primaryimage\"},\"thumbnailUrl\":\"https:\\\/\\\/theroyalcamper.com\\\/wp-content\\\/uploads\\\/2025\\\/01\\\/edc9e664-56df-4190-a4d5-2662745a3401.jpg\",\"datePublished\":\"2026-04-01T09:15:16+00:00\",\"dateModified\":\"2026-04-14T17:30:27+00:00\",\"description\":\"\u0394\u03b5\u03c2 \u03c4\u03b9\u03bc\u03ad\u03c2, \u03b4\u03b9\u03b1\u03b8\u03ad\u03c3\u03b9\u03bc\u03b1 camper \u03ba\u03b1\u03b9 \u03c0\u03bb\u03ae\u03c1\u03b7 \u03bf\u03b4\u03b7\u03b3\u03cc \u03b3\u03b9\u03b1 \u03b5\u03bd\u03bf\u03b9\u03ba\u03af\u03b1\u03c3\u03b7 \u03b1\u03c5\u03c4\u03bf\u03ba\u03b9\u03bd\u03bf\u03cd\u03bc\u03b5\u03bd\u03bf\u03c5 \u03c3\u03c4\u03b7\u03bd \u0395\u03bb\u03bb\u03ac\u03b4\u03b1. \u039f\u03c1\u03b3\u03ac\u03bd\u03c9\u03c3\u03b5 \u03c4\u03bf roadtrip \u03c3\u03bf\u03c5 \u03b5\u03cd\u03ba\u03bf\u03bb\u03b1 \u03c4\u03bf 2026.\",\"breadcrumb\":{\"@id\":\"https:\\\/\\\/theroyalcamper.com\\\/enoikiasi-autokinoumenou-ellada\\\/#breadcrumb\"},\"inLanguage\":\"fr-FR\",\"potentialAction\":[{\"@type\":\"ReadAction\",\"target\":[\"https:\\\/\\\/theroyalcamper.com\\\/enoikiasi-autokinoumenou-ellada\\\/\"]}]},{\"@type\":\"ImageObject\",\"inLanguage\":\"fr-FR\",\"@id\":\"https:\\\/\\\/theroyalcamper.com\\\/enoikiasi-autokinoumenou-ellada\\\/#primaryimage\",\"url\":\"https:\\\/\\\/theroyalcamper.com\\\/wp-content\\\/uploads\\\/2025\\\/01\\\/edc9e664-56df-4190-a4d5-2662745a3401.jpg\",\"contentUrl\":\"https:\\\/\\\/theroyalcamper.com\\\/wp-content\\\/uploads\\\/2025\\\/01\\\/edc9e664-56df-4190-a4d5-2662745a3401.jpg\",\"width\":1600,\"height\":900,\"caption\":\"\u0395\u03bd\u03bf\u03b9\u03ba\u03af\u03b1\u03c3\u03b7 \u03b1\u03c5\u03c4\u03bf\u03ba\u03b9\u03bd\u03bf\u03cd\u03bc\u03b5\u03bd\u03bf\u03c5 \u03c3\u03c4\u03b7\u03bd \u0395\u03bb\u03bb\u03ac\u03b4\u03b1 \u03b3\u03b9\u03b1 \u03b1\u03c0\u03cc\u03bb\u03c5\u03c4\u03b7 \u03b5\u03bb\u03b5\u03c5\u03b8\u03b5\u03c1\u03af\u03b1 \u03c3\u03c4\u03bf roadtrip \u03c3\u03bf\u03c5\"},{\"@type\":\"BreadcrumbList\",\"@id\":\"https:\\\/\\\/theroyalcamper.com\\\/enoikiasi-autokinoumenou-ellada\\\/#breadcrumb\",\"itemListElement\":[{\"@type\":\"ListItem\",\"position\":1,\"name\":\"Home\",\"item\":\"https:\\\/\\\/theroyalcamper.com\\\/\"},{\"@type\":\"ListItem\",\"position\":2,\"name\":\"Camper Rental Greece: The Ultimate Guide To Your 2026 Road Trip\"}]},{\"@type\":\"WebSite\",\"@id\":\"https:\\\/\\\/theroyalcamper.com\\\/#website\",\"url\":\"https:\\\/\\\/theroyalcamper.com\\\/\",\"name\":\"The Royal Camper\",\"description\":\"The Royal Camper\",\"publisher\":{\"@id\":\"https:\\\/\\\/theroyalcamper.com\\\/#organization\"},\"potentialAction\":[{\"@type\":\"SearchAction\",\"target\":{\"@type\":\"EntryPoint\",\"urlTemplate\":\"https:\\\/\\\/theroyalcamper.com\\\/?s={search_term_string}\"},\"query-input\":{\"@type\":\"PropertyValueSpecification\",\"valueRequired\":true,\"valueName\":\"search_term_string\"}}],\"inLanguage\":\"fr-FR\"},{\"@type\":\"Organization\",\"@id\":\"https:\\\/\\\/theroyalcamper.com\\\/#organization\",\"name\":\"The Royal Camper\",\"url\":\"https:\\\/\\\/theroyalcamper.com\\\/\",\"logo\":{\"@type\":\"ImageObject\",\"inLanguage\":\"fr-FR\",\"@id\":\"https:\\\/\\\/theroyalcamper.com\\\/#\\\/schema\\\/logo\\\/image\\\/\",\"url\":\"https:\\\/\\\/theroyalcamper.com\\\/wp-content\\\/uploads\\\/2024\\\/12\\\/The-Royal-Camper-Logo-3.svg\",\"contentUrl\":\"https:\\\/\\\/theroyalcamper.com\\\/wp-content\\\/uploads\\\/2024\\\/12\\\/The-Royal-Camper-Logo-3.svg\",\"width\":607,\"height\":336,\"caption\":\"The Royal Camper\"},\"image\":{\"@id\":\"https:\\\/\\\/theroyalcamper.com\\\/#\\\/schema\\\/logo\\\/image\\\/\"}},{\"@type\":\"Person\",\"@id\":\"https:\\\/\\\/theroyalcamper.com\\\/#\\\/schema\\\/person\\\/0ed6b9e7900678b3914a49e69d2883b6\",\"name\":\"ncpncpmedia@gmail.com\",\"image\":{\"@type\":\"ImageObject\",\"inLanguage\":\"fr-FR\",\"@id\":\"https:\\\/\\\/secure.gravatar.com\\\/avatar\\\/4f258029888c8bf633b567112da568266baf62cac6240a8651a9189776674bbd?s=96&d=mm&r=g\",\"url\":\"https:\\\/\\\/secure.gravatar.com\\\/avatar\\\/4f258029888c8bf633b567112da568266baf62cac6240a8651a9189776674bbd?s=96&d=mm&r=g\",\"contentUrl\":\"https:\\\/\\\/secure.gravatar.com\\\/avatar\\\/4f258029888c8bf633b567112da568266baf62cac6240a8651a9189776674bbd?s=96&d=mm&r=g\",\"caption\":\"ncpncpmedia@gmail.com\"},\"url\":\"https:\\\/\\\/theroyalcamper.com\\\/fr\\\/author\\\/ncpncpmediagmail-com\\\/\"}]}<\/script>\n<!-- \/ Yoast SEO plugin. -->","yoast_head_json":{"title":"\u0395\u03bd\u03bf\u03b9\u03ba\u03af\u03b1\u03c3\u03b7 \u0391\u03c5\u03c4\u03bf\u03ba\u03b9\u03bd\u03bf\u03cd\u03bc\u03b5\u03bd\u03bf\u03c5 \u03c3\u03c4\u03b7\u03bd \u0395\u03bb\u03bb\u03ac\u03b4\u03b1 | \u03a4\u03b9\u03bc\u03ad\u03c2 & Camper 2026","description":"\u0394\u03b5\u03c2 \u03c4\u03b9\u03bc\u03ad\u03c2, \u03b4\u03b9\u03b1\u03b8\u03ad\u03c3\u03b9\u03bc\u03b1 camper \u03ba\u03b1\u03b9 \u03c0\u03bb\u03ae\u03c1\u03b7 \u03bf\u03b4\u03b7\u03b3\u03cc \u03b3\u03b9\u03b1 \u03b5\u03bd\u03bf\u03b9\u03ba\u03af\u03b1\u03c3\u03b7 \u03b1\u03c5\u03c4\u03bf\u03ba\u03b9\u03bd\u03bf\u03cd\u03bc\u03b5\u03bd\u03bf\u03c5 \u03c3\u03c4\u03b7\u03bd \u0395\u03bb\u03bb\u03ac\u03b4\u03b1. \u039f\u03c1\u03b3\u03ac\u03bd\u03c9\u03c3\u03b5 \u03c4\u03bf roadtrip \u03c3\u03bf\u03c5 \u03b5\u03cd\u03ba\u03bf\u03bb\u03b1 \u03c4\u03bf 2026.","robots":{"index":"index","follow":"follow","max-snippet":"max-snippet:-1","max-image-preview":"max-image-preview:large","max-video-preview":"max-video-preview:-1"},"canonical":"https:\/\/theroyalcamper.com\/fr\/enoikiasi-autokinoumenou-ellada\/","og_locale":"fr_FR","og_type":"article","og_title":"\u0395\u03bd\u03bf\u03b9\u03ba\u03af\u03b1\u03c3\u03b7 \u0391\u03c5\u03c4\u03bf\u03ba\u03b9\u03bd\u03bf\u03cd\u03bc\u03b5\u03bd\u03bf\u03c5 \u03c3\u03c4\u03b7\u03bd \u0395\u03bb\u03bb\u03ac\u03b4\u03b1 | \u03a4\u03b9\u03bc\u03ad\u03c2 & Camper 2026","og_description":"\u0394\u03b5\u03c2 \u03c4\u03b9\u03bc\u03ad\u03c2, \u03b4\u03b9\u03b1\u03b8\u03ad\u03c3\u03b9\u03bc\u03b1 camper \u03ba\u03b1\u03b9 \u03c0\u03bb\u03ae\u03c1\u03b7 \u03bf\u03b4\u03b7\u03b3\u03cc \u03b3\u03b9\u03b1 \u03b5\u03bd\u03bf\u03b9\u03ba\u03af\u03b1\u03c3\u03b7 \u03b1\u03c5\u03c4\u03bf\u03ba\u03b9\u03bd\u03bf\u03cd\u03bc\u03b5\u03bd\u03bf\u03c5 \u03c3\u03c4\u03b7\u03bd \u0395\u03bb\u03bb\u03ac\u03b4\u03b1. \u039f\u03c1\u03b3\u03ac\u03bd\u03c9\u03c3\u03b5 \u03c4\u03bf roadtrip \u03c3\u03bf\u03c5 \u03b5\u03cd\u03ba\u03bf\u03bb\u03b1 \u03c4\u03bf 2026.","og_url":"https:\/\/theroyalcamper.com\/fr\/enoikiasi-autokinoumenou-ellada\/","og_site_name":"The Royal Camper","article_published_time":"2026-04-01T09:15:16+00:00","article_modified_time":"2026-04-14T17:30:27+00:00","og_image":[{"width":1600,"height":900,"url":"https:\/\/theroyalcamper.com\/wp-content\/uploads\/2025\/01\/edc9e664-56df-4190-a4d5-2662745a3401.jpg","type":"image\/jpeg"}],"author":"ncpncpmedia@gmail.com","twitter_card":"summary_large_image","twitter_misc":{"\u00c9crit par":"ncpncpmedia@gmail.com","Dur\u00e9e de lecture estim\u00e9e":"6 minutes"},"schema":{"@context":"https:\/\/schema.org","@graph":[{"@type":"Article","@id":"https:\/\/theroyalcamper.com\/enoikiasi-autokinoumenou-ellada\/#article","isPartOf":{"@id":"https:\/\/theroyalcamper.com\/enoikiasi-autokinoumenou-ellada\/"},"author":{"name":"ncpncpmedia@gmail.com","@id":"https:\/\/theroyalcamper.com\/#\/schema\/person\/0ed6b9e7900678b3914a49e69d2883b6"},"headline":"Camper Rental Greece: The Ultimate Guide To Your 2026 Road Trip","datePublished":"2026-04-01T09:15:16+00:00","dateModified":"2026-04-14T17:30:27+00:00","mainEntityOfPage":{"@id":"https:\/\/theroyalcamper.com\/enoikiasi-autokinoumenou-ellada\/"},"wordCount":911,"publisher":{"@id":"https:\/\/theroyalcamper.com\/#organization"},"image":{"@id":"https:\/\/theroyalcamper.com\/enoikiasi-autokinoumenou-ellada\/#primaryimage"},"thumbnailUrl":"https:\/\/theroyalcamper.com\/wp-content\/uploads\/2025\/01\/edc9e664-56df-4190-a4d5-2662745a3401.jpg","keywords":["camper van \u0395\u03bb\u03bb\u03ac\u03b4\u03b1","roadtrip \u0395\u03bb\u03bb\u03ac\u03b4\u03b1","van life \u0395\u03bb\u03bb\u03ac\u03b4\u03b1","\u03b4\u03b9\u03b1\u03ba\u03bf\u03c0\u03ad\u03c2 \u03bc\u03b5 camper","\u03b5\u03bd\u03bf\u03b9\u03ba\u03af\u03b1\u03c3\u03b7 \u03b1\u03c5\u03c4\u03bf\u03ba\u03b9\u03bd\u03bf\u03cd\u03bc\u03b5\u03bd\u03bf\u03c5"],"articleSection":["Blog"],"inLanguage":"fr-FR"},{"@type":"WebPage","@id":"https:\/\/theroyalcamper.com\/enoikiasi-autokinoumenou-ellada\/","url":"https:\/\/theroyalcamper.com\/enoikiasi-autokinoumenou-ellada\/","name":"\u0395\u03bd\u03bf\u03b9\u03ba\u03af\u03b1\u03c3\u03b7 \u0391\u03c5\u03c4\u03bf\u03ba\u03b9\u03bd\u03bf\u03cd\u03bc\u03b5\u03bd\u03bf\u03c5 \u03c3\u03c4\u03b7\u03bd \u0395\u03bb\u03bb\u03ac\u03b4\u03b1 | \u03a4\u03b9\u03bc\u03ad\u03c2 & Camper 2026","isPartOf":{"@id":"https:\/\/theroyalcamper.com\/#website"},"primaryImageOfPage":{"@id":"https:\/\/theroyalcamper.com\/enoikiasi-autokinoumenou-ellada\/#primaryimage"},"image":{"@id":"https:\/\/theroyalcamper.com\/enoikiasi-autokinoumenou-ellada\/#primaryimage"},"thumbnailUrl":"https:\/\/theroyalcamper.com\/wp-content\/uploads\/2025\/01\/edc9e664-56df-4190-a4d5-2662745a3401.jpg","datePublished":"2026-04-01T09:15:16+00:00","dateModified":"2026-04-14T17:30:27+00:00","description":"\u0394\u03b5\u03c2 \u03c4\u03b9\u03bc\u03ad\u03c2, \u03b4\u03b9\u03b1\u03b8\u03ad\u03c3\u03b9\u03bc\u03b1 camper \u03ba\u03b1\u03b9 \u03c0\u03bb\u03ae\u03c1\u03b7 \u03bf\u03b4\u03b7\u03b3\u03cc \u03b3\u03b9\u03b1 \u03b5\u03bd\u03bf\u03b9\u03ba\u03af\u03b1\u03c3\u03b7 \u03b1\u03c5\u03c4\u03bf\u03ba\u03b9\u03bd\u03bf\u03cd\u03bc\u03b5\u03bd\u03bf\u03c5 \u03c3\u03c4\u03b7\u03bd \u0395\u03bb\u03bb\u03ac\u03b4\u03b1. \u039f\u03c1\u03b3\u03ac\u03bd\u03c9\u03c3\u03b5 \u03c4\u03bf roadtrip \u03c3\u03bf\u03c5 \u03b5\u03cd\u03ba\u03bf\u03bb\u03b1 \u03c4\u03bf 2026.","breadcrumb":{"@id":"https:\/\/theroyalcamper.com\/enoikiasi-autokinoumenou-ellada\/#breadcrumb"},"inLanguage":"fr-FR","potentialAction":[{"@type":"ReadAction","target":["https:\/\/theroyalcamper.com\/enoikiasi-autokinoumenou-ellada\/"]}]},{"@type":"ImageObject","inLanguage":"fr-FR","@id":"https:\/\/theroyalcamper.com\/enoikiasi-autokinoumenou-ellada\/#primaryimage","url":"https:\/\/theroyalcamper.com\/wp-content\/uploads\/2025\/01\/edc9e664-56df-4190-a4d5-2662745a3401.jpg","contentUrl":"https:\/\/theroyalcamper.com\/wp-content\/uploads\/2025\/01\/edc9e664-56df-4190-a4d5-2662745a3401.jpg","width":1600,"height":900,"caption":"\u0395\u03bd\u03bf\u03b9\u03ba\u03af\u03b1\u03c3\u03b7 \u03b1\u03c5\u03c4\u03bf\u03ba\u03b9\u03bd\u03bf\u03cd\u03bc\u03b5\u03bd\u03bf\u03c5 \u03c3\u03c4\u03b7\u03bd \u0395\u03bb\u03bb\u03ac\u03b4\u03b1 \u03b3\u03b9\u03b1 \u03b1\u03c0\u03cc\u03bb\u03c5\u03c4\u03b7 \u03b5\u03bb\u03b5\u03c5\u03b8\u03b5\u03c1\u03af\u03b1 \u03c3\u03c4\u03bf roadtrip \u03c3\u03bf\u03c5"},{"@type":"BreadcrumbList","@id":"https:\/\/theroyalcamper.com\/enoikiasi-autokinoumenou-ellada\/#breadcrumb","itemListElement":[{"@type":"ListItem","position":1,"name":"Home","item":"https:\/\/theroyalcamper.com\/"},{"@type":"ListItem","position":2,"name":"Camper Rental Greece: The Ultimate Guide To Your 2026 Road Trip"}]},{"@type":"WebSite","@id":"https:\/\/theroyalcamper.com\/#website","url":"https:\/\/theroyalcamper.com\/","name":"The Royal Camper","description":"The Royal Camper","publisher":{"@id":"https:\/\/theroyalcamper.com\/#organization"},"potentialAction":[{"@type":"SearchAction","target":{"@type":"EntryPoint","urlTemplate":"https:\/\/theroyalcamper.com\/?s={search_term_string}"},"query-input":{"@type":"PropertyValueSpecification","valueRequired":true,"valueName":"search_term_string"}}],"inLanguage":"fr-FR"},{"@type":"Organization","@id":"https:\/\/theroyalcamper.com\/#organization","name":"The Royal Camper","url":"https:\/\/theroyalcamper.com\/","logo":{"@type":"ImageObject","inLanguage":"fr-FR","@id":"https:\/\/theroyalcamper.com\/#\/schema\/logo\/image\/","url":"https:\/\/theroyalcamper.com\/wp-content\/uploads\/2024\/12\/The-Royal-Camper-Logo-3.svg","contentUrl":"https:\/\/theroyalcamper.com\/wp-content\/uploads\/2024\/12\/The-Royal-Camper-Logo-3.svg","width":607,"height":336,"caption":"The Royal Camper"},"image":{"@id":"https:\/\/theroyalcamper.com\/#\/schema\/logo\/image\/"}},{"@type":"Person","@id":"https:\/\/theroyalcamper.com\/#\/schema\/person\/0ed6b9e7900678b3914a49e69d2883b6","name":"ncpncpmedia@gmail.com","image":{"@type":"ImageObject","inLanguage":"fr-FR","@id":"https:\/\/secure.gravatar.com\/avatar\/4f258029888c8bf633b567112da568266baf62cac6240a8651a9189776674bbd?s=96&d=mm&r=g","url":"https:\/\/secure.gravatar.com\/avatar\/4f258029888c8bf633b567112da568266baf62cac6240a8651a9189776674bbd?s=96&d=mm&r=g","contentUrl":"https:\/\/secure.gravatar.com\/avatar\/4f258029888c8bf633b567112da568266baf62cac6240a8651a9189776674bbd?s=96&d=mm&r=g","caption":"ncpncpmedia@gmail.com"},"url":"https:\/\/theroyalcamper.com\/fr\/author\/ncpncpmediagmail-com\/"}]}},"_links":{"self":[{"href":"https:\/\/theroyalcamper.com\/fr\/wp-json\/wp\/v2\/posts\/3081","targetHints":{"allow":["GET"]}}],"collection":[{"href":"https:\/\/theroyalcamper.com\/fr\/wp-json\/wp\/v2\/posts"}],"about":[{"href":"https:\/\/theroyalcamper.com\/fr\/wp-json\/wp\/v2\/types\/post"}],"author":[{"embeddable":true,"href":"https:\/\/theroyalcamper.com\/fr\/wp-json\/wp\/v2\/users\/6"}],"replies":[{"embeddable":true,"href":"https:\/\/theroyalcamper.com\/fr\/wp-json\/wp\/v2\/comments?post=3081"}],"version-history":[{"count":4,"href":"https:\/\/theroyalcamper.com\/fr\/wp-json\/wp\/v2\/posts\/3081\/revisions"}],"predecessor-version":[{"id":3093,"href":"https:\/\/theroyalcamper.com\/fr\/wp-json\/wp\/v2\/posts\/3081\/revisions\/3093"}],"wp:featuredmedia":[{"embeddable":true,"href":"https:\/\/theroyalcamper.com\/fr\/wp-json\/wp\/v2\/media\/1715"}],"wp:attachment":[{"href":"https:\/\/theroyalcamper.com\/fr\/wp-json\/wp\/v2\/media?parent=3081"}],"wp:term":[{"taxonomy":"category","embeddable":true,"href":"https:\/\/theroyalcamper.com\/fr\/wp-json\/wp\/v2\/categories?post=3081"},{"taxonomy":"post_tag","embeddable":true,"href":"https:\/\/theroyalcamper.com\/fr\/wp-json\/wp\/v2\/tags?post=3081"}],"curies":[{"name":"wp","href":"https:\/\/api.w.org\/{rel}","templated":true}]}}